{"id":307,"date":"2009-03-02T08:32:00","date_gmt":"2009-03-02T07:32:00","guid":{"rendered":"https:\/\/damianeicker.net\/blog\/?p=307"},"modified":"2024-08-29T08:32:45","modified_gmt":"2024-08-29T06:32:45","slug":"esprit-de-nuits","status":"publish","type":"post","link":"https:\/\/damianeicker.net\/blog\/2009\/03\/02\/esprit-de-nuits\/","title":{"rendered":"Esprit de nuits"},"content":{"rendered":"\n<p>Lorsque s&#8217;embrase la Lune Rousse<br>Que brille son \u00e9clat orang\u00e9<br>Surgissent les cohortes damn\u00e9es<br>Comme autant de sinistres pousses<\/p>\n\n\n\n<p>A la faveur de la nuit noire<br>Rodent les vampires assoiff\u00e9s<br>Fils la Grande d&rsquo;Obscurit\u00e9<br>Pourvoyeurs de tous les cauchemars<\/p>\n\n\n\n<p>Lorsque s&rsquo;allume la lune d&rsquo;argent<br>Les Loups courent la lande d\u00e9sol\u00e9e<br>D\u00e9vorant les \u00e2mes \u00e9gar\u00e9es<br>Pour taire leur app\u00e9tit sanglant<\/p>\n\n\n\n<p>Quand s&rsquo;allument les feux des \u00e9toiles<br>Dans les manoirs isol\u00e9s<br>Les spectres reviennent hanter<br>L&rsquo;humanit\u00e9, masqu\u00e9s de voiles<\/p>\n\n\n\n<p>La trame du monde si r\u00e9aliste<br>Se d\u00e9chire quand vient le soir<br>Alors renaissent les avatars<br>De nos peurs les plus fantaisistes<\/p>\n\n\n\n<p>En cet instant s&rsquo;ouvrent les portes<br>Qui conduisent au c\u0153ur des Songes<br>Ou r\u00e9side ce qui nous ronge<br>R\u00eaves perdus et chim\u00e8res mortes<\/p>\n\n\n\n<p>C&rsquo;est le royaume d&rsquo;Onirya<br>Peupl\u00e9 et nourri d&rsquo;illusions<br>Guid\u00e9 par espoirs et passions<br>Ou l&rsquo;Imaginaire seul est roi.<\/p>\n","protected":false},"excerpt":{"rendered":"<p>Lorsque s&#8217;embrase la Lune RousseQue brille son \u00e9clat orang\u00e9Surgissent les cohortes damn\u00e9esComme autant de sinistres pousses A la faveur de la nuit noireRodent les vampires assoiff\u00e9sFils la Grande d&rsquo;Obscurit\u00e9Pourvoyeurs de tous les cauchemars Lorsque s&rsquo;allume la lune d&rsquo;argentLes Loups courent la lande d\u00e9sol\u00e9eD\u00e9vorant les \u00e2mes \u00e9gar\u00e9esPour taire leur app\u00e9tit sanglant Quand s&rsquo;allument les feux des [&hellip;]<\/p>\n","protected":false},"author":1,"featured_media":0,"comment_status":"open","ping_status":"","sticky":false,"template":"","format":"standard","meta":{"jetpack_post_was_ever_published":false,"_jetpack_newsletter_access":"","_jetpack_dont_email_post_to_subs":true,"_jetpack_newsletter_tier_id":0,"_jetpack_memberships_contains_paywalled_content":false,"_jetpack_memberships_contains_paid_content":false,"footnotes":"","jetpack_publicize_message":"","jetpack_publicize_feature_enabled":true,"jetpack_social_post_already_shared":false,"jetpack_social_options":{"image_generator_settings":{"template":"highway","enabled":false},"version":2}},"categories":[2],"tags":[],"class_list":["post-307","post","type-post","status-publish","format-standard","hentry","category-eclats-dame"],"jetpack_publicize_connections":[],"jetpack_featured_media_url":"","jetpack_sharing_enabled":true,"jetpack_likes_enabled":true,"post_mailing_queue_ids":[],"_links":{"self":[{"href":"https:\/\/damianeicker.net\/blog\/wp-json\/wp\/v2\/posts\/307","targetHints":{"allow":["GET"]}}],"collection":[{"href":"https:\/\/damianeicker.net\/blog\/wp-json\/wp\/v2\/posts"}],"about":[{"href":"https:\/\/damianeicker.net\/blog\/wp-json\/wp\/v2\/types\/post"}],"author":[{"embeddable":true,"href":"https:\/\/damianeicker.net\/blog\/wp-json\/wp\/v2\/users\/1"}],"replies":[{"embeddable":true,"href":"https:\/\/damianeicker.net\/blog\/wp-json\/wp\/v2\/comments?post=307"}],"version-history":[{"count":1,"href":"https:\/\/damianeicker.net\/blog\/wp-json\/wp\/v2\/posts\/307\/revisions"}],"predecessor-version":[{"id":308,"href":"https:\/\/damianeicker.net\/blog\/wp-json\/wp\/v2\/posts\/307\/revisions\/308"}],"wp:attachment":[{"href":"https:\/\/damianeicker.net\/blog\/wp-json\/wp\/v2\/media?parent=307"}],"wp:term":[{"taxonomy":"category","embeddable":true,"href":"https:\/\/damianeicker.net\/blog\/wp-json\/wp\/v2\/categories?post=307"},{"taxonomy":"post_tag","embeddable":true,"href":"https:\/\/damianeicker.net\/blog\/wp-json\/wp\/v2\/tags?post=307"}],"curies":[{"name":"wp","href":"https:\/\/api.w.org\/{rel}","templated":true}]}}