{"id":319,"date":"2009-05-24T08:36:00","date_gmt":"2009-05-24T06:36:00","guid":{"rendered":"https:\/\/damianeicker.net\/blog\/?p=319"},"modified":"2024-08-29T08:37:27","modified_gmt":"2024-08-29T06:37:27","slug":"roi-endormi","status":"publish","type":"post","link":"https:\/\/damianeicker.net\/blog\/2009\/05\/24\/roi-endormi\/","title":{"rendered":"Roi endormi"},"content":{"rendered":"\n<p>Sur un gu\u00e9ridon tr\u00f4ne un vase aux fleurs pass\u00e9es<br>Emplissant l&rsquo;atmosph\u00e8re d&rsquo;effluves suffocantes<br>Chargeant l&rsquo;air d&rsquo;une fragrance capiteuse, \u00e9crasante<br>Changeant le moindre souffle en calvaire parfum\u00e9<\/p>\n\n\n\n<p>De pesantes tentures repoussent l&rsquo;astre du jour<br>Transformant cette chambre en un caveau fait d&rsquo;ombres<br>Seules quelques chandelles \u00e0 la clart\u00e9 sombre<br>Luttent contre les t\u00e9n\u00e8bres dans cette obscure tour<\/p>\n\n\n\n<p>Sur un lutrin de bois, un vieux grimoire jauni<br>Au papier abim\u00e9 par les outrages du temps<br>L&rsquo;encre presque effac\u00e9e s&rsquo;est vue teint\u00e9e de sang<br>Couverte ici et l\u00e0 par des symboles bannis<\/p>\n\n\n\n<p>Au fin fond de ce lieu git un cercueil de fer<br>Dans lequel repose une momie enchain\u00e9e<br>Un corps dess\u00e9ch\u00e9 au derme parchemin\u00e9<br>Sans une once de vie, comme fig\u00e9e dans la pierre<\/p>\n\n\n\n<p>Pourtant dans ses orbites brule un Feu \u00e9ternel<br>Attendant patiemment qu&rsquo;enfin sonne son heure<br>De d\u00e9vorer la terre, pour que germe la terreur<br>Que son plus vieil ennemi, son P\u00e8re enfin chanc\u00e8le.<\/p>\n","protected":false},"excerpt":{"rendered":"<p>Sur un gu\u00e9ridon tr\u00f4ne un vase aux fleurs pass\u00e9esEmplissant l&rsquo;atmosph\u00e8re d&rsquo;effluves suffocantesChargeant l&rsquo;air d&rsquo;une fragrance capiteuse, \u00e9crasanteChangeant le moindre souffle en calvaire parfum\u00e9 De pesantes tentures repoussent l&rsquo;astre du jourTransformant cette chambre en un caveau fait d&rsquo;ombresSeules quelques chandelles \u00e0 la clart\u00e9 sombreLuttent contre les t\u00e9n\u00e8bres dans cette obscure tour Sur un lutrin de bois, [&hellip;]<\/p>\n","protected":false},"author":1,"featured_media":0,"comment_status":"open","ping_status":"","sticky":false,"template":"","format":"standard","meta":{"jetpack_post_was_ever_published":false,"_jetpack_newsletter_access":"","_jetpack_dont_email_post_to_subs":true,"_jetpack_newsletter_tier_id":0,"_jetpack_memberships_contains_paywalled_content":false,"_jetpack_memberships_contains_paid_content":false,"footnotes":"","jetpack_publicize_message":"","jetpack_publicize_feature_enabled":true,"jetpack_social_post_already_shared":false,"jetpack_social_options":{"image_generator_settings":{"template":"highway","enabled":false},"version":2}},"categories":[2],"tags":[],"class_list":["post-319","post","type-post","status-publish","format-standard","hentry","category-eclats-dame"],"jetpack_publicize_connections":[],"jetpack_featured_media_url":"","jetpack_sharing_enabled":true,"jetpack_likes_enabled":true,"post_mailing_queue_ids":[],"_links":{"self":[{"href":"https:\/\/damianeicker.net\/blog\/wp-json\/wp\/v2\/posts\/319","targetHints":{"allow":["GET"]}}],"collection":[{"href":"https:\/\/damianeicker.net\/blog\/wp-json\/wp\/v2\/posts"}],"about":[{"href":"https:\/\/damianeicker.net\/blog\/wp-json\/wp\/v2\/types\/post"}],"author":[{"embeddable":true,"href":"https:\/\/damianeicker.net\/blog\/wp-json\/wp\/v2\/users\/1"}],"replies":[{"embeddable":true,"href":"https:\/\/damianeicker.net\/blog\/wp-json\/wp\/v2\/comments?post=319"}],"version-history":[{"count":1,"href":"https:\/\/damianeicker.net\/blog\/wp-json\/wp\/v2\/posts\/319\/revisions"}],"predecessor-version":[{"id":320,"href":"https:\/\/damianeicker.net\/blog\/wp-json\/wp\/v2\/posts\/319\/revisions\/320"}],"wp:attachment":[{"href":"https:\/\/damianeicker.net\/blog\/wp-json\/wp\/v2\/media?parent=319"}],"wp:term":[{"taxonomy":"category","embeddable":true,"href":"https:\/\/damianeicker.net\/blog\/wp-json\/wp\/v2\/categories?post=319"},{"taxonomy":"post_tag","embeddable":true,"href":"https:\/\/damianeicker.net\/blog\/wp-json\/wp\/v2\/tags?post=319"}],"curies":[{"name":"wp","href":"https:\/\/api.w.org\/{rel}","templated":true}]}}