{"id":383,"date":"2011-06-03T09:21:00","date_gmt":"2011-06-03T07:21:00","guid":{"rendered":"https:\/\/damianeicker.net\/blog\/?p=383"},"modified":"2024-08-30T09:50:47","modified_gmt":"2024-08-30T07:50:47","slug":"dansetenebres","status":"publish","type":"post","link":"https:\/\/damianeicker.net\/blog\/2011\/06\/03\/dansetenebres\/","title":{"rendered":"Danset\u00e9n\u00e8bres"},"content":{"rendered":"\n<p>Il est un lieu maudit o\u00f9 r\u00e8gnent obscurit\u00e9<br>Mauvaises \u00e9nergies, chaos, cacophonie<br>Au bout d&rsquo;une voie sinistre, empoisonnant la vie<br>Au c\u0153ur d&rsquo;un gouffre inf\u00e2me empli de noirs pens\u00e9es<\/p>\n\n\n\n<p>C&rsquo;est la derni\u00e8re demeure pour les \u00e2mes am\u00e8res<br>Que la rage d\u00e9vore, nourrissant leur brasier<br>Rejetant dans les flammes leur culpabilit\u00e9<br>Pour mieux se consumer au feu de leur col\u00e8re<\/p>\n\n\n\n<p>Sur une colline abjecte tr\u00f4ne un sanglant autel<br>O\u00f9 l&rsquo;on broie et d\u00e9chire les chairs d&rsquo;un condamn\u00e9<br>Coupable simplement de s&rsquo;\u00eatre \u00e9gar\u00e9<br>Ses pas l&rsquo;on entrain\u00e9 vers les pleurs \u00e9ternels<\/p>\n\n\n\n<p>Ses visc\u00e8res sont servis dans un grand plat de fer<br>Noirci par la cendre dont le sol est jonch\u00e9<br>C&rsquo;est l&rsquo;horrible repas des esprits affam\u00e9s<br>Qui gravitent en ces lieux, antichambres d&rsquo;Enfer<\/p>\n\n\n\n<p>Au pied d&rsquo;un monticule ou s&#8217;empilent les charognes<br>Dansent des ombres fr\u00e9n\u00e9tiques dans un glorieux sabbat<br>Chantant leurs louanges \u00e0 l&rsquo;oreille de leur Roi<br>Le Ma\u00eetre des Douleurs, le Seigneur MasseCogne<\/p>\n\n\n\n<p>Toute cette sinistre foule n&rsquo;\u0153uvre que pour servir<br>Ce rejeton d\u00e9ment des entrailles infernales<br>Dont un seul regard peut vous \u00eatre fatal<br>Cette grande assemble ne cherche qu&rsquo;\u00e0 vous nuire<\/p>\n\n\n\n<p>Si d&rsquo;aventure une nuit vous croisez ce chemin<br>Faites vite demi tour, fuyez vers le levant<br>Laissez dans votre dos ces \u00eatres chahutant<br>Courrez \u00e0 perdre haleine, Danset\u00e9n\u00e8bre vient!<\/p>\n","protected":false},"excerpt":{"rendered":"<p>Il est un lieu maudit o\u00f9 r\u00e8gnent obscurit\u00e9Mauvaises \u00e9nergies, chaos, cacophonieAu bout d&rsquo;une voie sinistre, empoisonnant la vieAu c\u0153ur d&rsquo;un gouffre inf\u00e2me empli de noirs pens\u00e9es C&rsquo;est la derni\u00e8re demeure pour les \u00e2mes am\u00e8resQue la rage d\u00e9vore, nourrissant leur brasierRejetant dans les flammes leur culpabilit\u00e9Pour mieux se consumer au feu de leur col\u00e8re Sur une [&hellip;]<\/p>\n","protected":false},"author":1,"featured_media":0,"comment_status":"open","ping_status":"","sticky":false,"template":"","format":"standard","meta":{"jetpack_post_was_ever_published":false,"_jetpack_newsletter_access":"","_jetpack_dont_email_post_to_subs":true,"_jetpack_newsletter_tier_id":0,"_jetpack_memberships_contains_paywalled_content":false,"_jetpack_memberships_contains_paid_content":false,"footnotes":"","jetpack_publicize_message":"","jetpack_publicize_feature_enabled":true,"jetpack_social_post_already_shared":false,"jetpack_social_options":{"image_generator_settings":{"template":"highway","enabled":false},"version":2}},"categories":[2],"tags":[],"class_list":["post-383","post","type-post","status-publish","format-standard","hentry","category-eclats-dame"],"jetpack_publicize_connections":[],"jetpack_featured_media_url":"","jetpack_sharing_enabled":true,"jetpack_likes_enabled":true,"post_mailing_queue_ids":[],"_links":{"self":[{"href":"https:\/\/damianeicker.net\/blog\/wp-json\/wp\/v2\/posts\/383","targetHints":{"allow":["GET"]}}],"collection":[{"href":"https:\/\/damianeicker.net\/blog\/wp-json\/wp\/v2\/posts"}],"about":[{"href":"https:\/\/damianeicker.net\/blog\/wp-json\/wp\/v2\/types\/post"}],"author":[{"embeddable":true,"href":"https:\/\/damianeicker.net\/blog\/wp-json\/wp\/v2\/users\/1"}],"replies":[{"embeddable":true,"href":"https:\/\/damianeicker.net\/blog\/wp-json\/wp\/v2\/comments?post=383"}],"version-history":[{"count":2,"href":"https:\/\/damianeicker.net\/blog\/wp-json\/wp\/v2\/posts\/383\/revisions"}],"predecessor-version":[{"id":385,"href":"https:\/\/damianeicker.net\/blog\/wp-json\/wp\/v2\/posts\/383\/revisions\/385"}],"wp:attachment":[{"href":"https:\/\/damianeicker.net\/blog\/wp-json\/wp\/v2\/media?parent=383"}],"wp:term":[{"taxonomy":"category","embeddable":true,"href":"https:\/\/damianeicker.net\/blog\/wp-json\/wp\/v2\/categories?post=383"},{"taxonomy":"post_tag","embeddable":true,"href":"https:\/\/damianeicker.net\/blog\/wp-json\/wp\/v2\/tags?post=383"}],"curies":[{"name":"wp","href":"https:\/\/api.w.org\/{rel}","templated":true}]}}