{"id":392,"date":"2011-06-15T09:30:00","date_gmt":"2011-06-15T07:30:00","guid":{"rendered":"https:\/\/damianeicker.net\/blog\/?p=392"},"modified":"2024-08-30T09:31:39","modified_gmt":"2024-08-30T07:31:39","slug":"la-nuit-desespere","status":"publish","type":"post","link":"https:\/\/damianeicker.net\/blog\/2011\/06\/15\/la-nuit-desespere\/","title":{"rendered":"La nuit d\u00e9sesp\u00e8re"},"content":{"rendered":"\n<p>Seul devant mon \u00e9cran dans cette obscurit\u00e9<br>J&rsquo;\u00e9voque des images suscitant l&rsquo;\u00e9motion<br>Qui pourtant restent mortes, n&rsquo;enflamment point de passion<br>Perdu dans les m\u00e9andres de mes sombres pens\u00e9s<\/p>\n\n\n\n<p>Scrutant le ciel noir passant \u00e0 ma fen\u00eatre<br>Je hulule \u00e0 la lune pleine de sa lumi\u00e8re<br>Esp\u00e9rant que sa vue efface mes \u0153ill\u00e8res<br>Pour pouvoir extirper une parcelle de mon \u00eatre<\/p>\n\n\n\n<p>La plume si prolixe ce soir reste muette<br>Et l&rsquo;encre, cette drogue, demeure sans effets<br>Rien ne vient satisfaire mon nocturne forfait<br>La page reste vierge, sans un vers, blanche et nette<\/p>\n\n\n\n<p>Des heures j&rsquo;implore les Muses pour un maigre morceau<br>Un fragment, quelques lignes pour me sustenter<br>Assouvir mes d\u00e9sirs de po\u00e8te fan\u00e9<br>Et nourrir ma chair en noircissant ma peau<\/p>\n\n\n\n<p>Un imposant silence pour unique r\u00e9ponse<br>Oh l&rsquo;innommable vide, le terrible n\u00e9ant!<br>Mon esprit \u00e9puis\u00e9 en reste chancelant<br>Et mon c\u0153ur s&#8217;emprisonne dans sa ge\u00f4le de ronces<\/p>\n\n\n\n<p>Il en ira ainsi de m\u00eame chaque nuit<br>Mon \u00e2me pleure un po\u00e8me, une miette d&rsquo;inspiration<br>Puis s&rsquo;enferme \u00e0 nouveau dans sa tour d&rsquo;illusions<br>Cherchant l&rsquo;essence du r\u00eave dans une lente agonie.<\/p>\n","protected":false},"excerpt":{"rendered":"<p>Seul devant mon \u00e9cran dans cette obscurit\u00e9J&rsquo;\u00e9voque des images suscitant l&rsquo;\u00e9motionQui pourtant restent mortes, n&rsquo;enflamment point de passionPerdu dans les m\u00e9andres de mes sombres pens\u00e9s Scrutant le ciel noir passant \u00e0 ma fen\u00eatreJe hulule \u00e0 la lune pleine de sa lumi\u00e8reEsp\u00e9rant que sa vue efface mes \u0153ill\u00e8resPour pouvoir extirper une parcelle de mon \u00eatre La [&hellip;]<\/p>\n","protected":false},"author":1,"featured_media":0,"comment_status":"open","ping_status":"","sticky":false,"template":"","format":"standard","meta":{"jetpack_post_was_ever_published":false,"_jetpack_newsletter_access":"","_jetpack_dont_email_post_to_subs":true,"_jetpack_newsletter_tier_id":0,"_jetpack_memberships_contains_paywalled_content":false,"_jetpack_memberships_contains_paid_content":false,"footnotes":"","jetpack_publicize_message":"","jetpack_publicize_feature_enabled":true,"jetpack_social_post_already_shared":false,"jetpack_social_options":{"image_generator_settings":{"template":"highway","enabled":false},"version":2}},"categories":[2],"tags":[],"class_list":["post-392","post","type-post","status-publish","format-standard","hentry","category-eclats-dame"],"jetpack_publicize_connections":[],"jetpack_featured_media_url":"","jetpack_sharing_enabled":true,"jetpack_likes_enabled":true,"post_mailing_queue_ids":[],"_links":{"self":[{"href":"https:\/\/damianeicker.net\/blog\/wp-json\/wp\/v2\/posts\/392","targetHints":{"allow":["GET"]}}],"collection":[{"href":"https:\/\/damianeicker.net\/blog\/wp-json\/wp\/v2\/posts"}],"about":[{"href":"https:\/\/damianeicker.net\/blog\/wp-json\/wp\/v2\/types\/post"}],"author":[{"embeddable":true,"href":"https:\/\/damianeicker.net\/blog\/wp-json\/wp\/v2\/users\/1"}],"replies":[{"embeddable":true,"href":"https:\/\/damianeicker.net\/blog\/wp-json\/wp\/v2\/comments?post=392"}],"version-history":[{"count":1,"href":"https:\/\/damianeicker.net\/blog\/wp-json\/wp\/v2\/posts\/392\/revisions"}],"predecessor-version":[{"id":393,"href":"https:\/\/damianeicker.net\/blog\/wp-json\/wp\/v2\/posts\/392\/revisions\/393"}],"wp:attachment":[{"href":"https:\/\/damianeicker.net\/blog\/wp-json\/wp\/v2\/media?parent=392"}],"wp:term":[{"taxonomy":"category","embeddable":true,"href":"https:\/\/damianeicker.net\/blog\/wp-json\/wp\/v2\/categories?post=392"},{"taxonomy":"post_tag","embeddable":true,"href":"https:\/\/damianeicker.net\/blog\/wp-json\/wp\/v2\/tags?post=392"}],"curies":[{"name":"wp","href":"https:\/\/api.w.org\/{rel}","templated":true}]}}