{"id":757,"date":"2018-11-15T10:59:00","date_gmt":"2018-11-15T09:59:00","guid":{"rendered":"https:\/\/damianeicker.net\/blog\/?p=757"},"modified":"2025-05-20T11:09:05","modified_gmt":"2025-05-20T09:09:05","slug":"hod","status":"publish","type":"post","link":"https:\/\/damianeicker.net\/blog\/2018\/11\/15\/hod\/","title":{"rendered":"Hod"},"content":{"rendered":"\n<p>Assez de ces teints ternes et de ces tristes mines!<br>Je pr\u00e9f\u00e8re une vie d&rsquo;\u00e9clatantes couleurs<br>Lorsqu&rsquo;apres une averse, lav\u00e9 de ses humeurs,<br>Le monde reprend vigueur, d&rsquo;un souffle s&rsquo;illumine.<\/p>\n\n\n\n<p>Pourquoi tant de fadeur et de teintes fan\u00e9es?<br>Que jaillisse l&rsquo;\u00e9nergie en palettes vivantes:<br>L&rsquo;\u00e9blouissant azur, la sublime amarante<br>Le bleu sombre et profond d&rsquo;une mer d\u00e9cha\u00een\u00e9e!<\/p>\n\n\n\n<p>Si l&rsquo;on saigne, que le sang scintille comme rubis<br>Si l&rsquo;on br\u00fble, que les flammes brillent en langues cuivr\u00e9es<br>Sous l&rsquo;orage, que les cieux se couvrent de noires nu\u00e9es<br>Et que la foudre frappe, d\u00e9chirant cette nuit!<\/p>\n\n\n\n<p>Que s&rsquo;effacent les navrantes, les timides pastelles!<br>La terre doit resplendir de ses ton brun et cendre<br>L&rsquo;\u00e9meraude des feuillages dans l&rsquo;air doit s&rsquo;\u00e9tendre<br>Et raviver le c\u0153ur d&rsquo;une f\u00e9erie rebelle.<\/p>\n\n\n\n<p>Chassons les nappes gris\u00e2tres des tueuses industries!<br>Lavons cette plan\u00e8te de ce qui l&#8217;empoisonne!<br>Des \u00eatres qui l&rsquo;occupent, combien encore frissonnent<br>Alors qu&rsquo;elle fait entendre quelque chant d&rsquo;agonie?<\/p>\n","protected":false},"excerpt":{"rendered":"<p>Assez de ces teints ternes et de ces tristes mines!Je pr\u00e9f\u00e8re une vie d&rsquo;\u00e9clatantes couleursLorsqu&rsquo;apres une averse, lav\u00e9 de ses humeurs,Le monde reprend vigueur, d&rsquo;un souffle s&rsquo;illumine. Pourquoi tant de fadeur et de teintes fan\u00e9es?Que jaillisse l&rsquo;\u00e9nergie en palettes vivantes:L&rsquo;\u00e9blouissant azur, la sublime amaranteLe bleu sombre et profond d&rsquo;une mer d\u00e9cha\u00een\u00e9e! Si l&rsquo;on saigne, que [&hellip;]<\/p>\n","protected":false},"author":1,"featured_media":0,"comment_status":"open","ping_status":"","sticky":false,"template":"","format":"standard","meta":{"jetpack_post_was_ever_published":false,"_jetpack_newsletter_access":"","_jetpack_dont_email_post_to_subs":true,"_jetpack_newsletter_tier_id":0,"_jetpack_memberships_contains_paywalled_content":false,"_jetpack_memberships_contains_paid_content":false,"footnotes":"","jetpack_publicize_message":"","jetpack_publicize_feature_enabled":false,"jetpack_social_post_already_shared":false,"jetpack_social_options":{"image_generator_settings":{"template":"highway","enabled":false},"version":2}},"categories":[2],"tags":[],"class_list":["post-757","post","type-post","status-publish","format-standard","hentry","category-eclats-dame"],"jetpack_publicize_connections":[],"jetpack_featured_media_url":"","jetpack_sharing_enabled":true,"jetpack_likes_enabled":true,"post_mailing_queue_ids":[],"_links":{"self":[{"href":"https:\/\/damianeicker.net\/blog\/wp-json\/wp\/v2\/posts\/757","targetHints":{"allow":["GET"]}}],"collection":[{"href":"https:\/\/damianeicker.net\/blog\/wp-json\/wp\/v2\/posts"}],"about":[{"href":"https:\/\/damianeicker.net\/blog\/wp-json\/wp\/v2\/types\/post"}],"author":[{"embeddable":true,"href":"https:\/\/damianeicker.net\/blog\/wp-json\/wp\/v2\/users\/1"}],"replies":[{"embeddable":true,"href":"https:\/\/damianeicker.net\/blog\/wp-json\/wp\/v2\/comments?post=757"}],"version-history":[{"count":1,"href":"https:\/\/damianeicker.net\/blog\/wp-json\/wp\/v2\/posts\/757\/revisions"}],"predecessor-version":[{"id":758,"href":"https:\/\/damianeicker.net\/blog\/wp-json\/wp\/v2\/posts\/757\/revisions\/758"}],"wp:attachment":[{"href":"https:\/\/damianeicker.net\/blog\/wp-json\/wp\/v2\/media?parent=757"}],"wp:term":[{"taxonomy":"category","embeddable":true,"href":"https:\/\/damianeicker.net\/blog\/wp-json\/wp\/v2\/categories?post=757"},{"taxonomy":"post_tag","embeddable":true,"href":"https:\/\/damianeicker.net\/blog\/wp-json\/wp\/v2\/tags?post=757"}],"curies":[{"name":"wp","href":"https:\/\/api.w.org\/{rel}","templated":true}]}}