{"id":759,"date":"2018-11-15T11:00:00","date_gmt":"2018-11-15T10:00:00","guid":{"rendered":"https:\/\/damianeicker.net\/blog\/?p=759"},"modified":"2025-05-20T11:09:05","modified_gmt":"2025-05-20T09:09:05","slug":"deimos","status":"publish","type":"post","link":"https:\/\/damianeicker.net\/blog\/2018\/11\/15\/deimos\/","title":{"rendered":"Deimos"},"content":{"rendered":"\n<p>Au del\u00e0 des voiles d&rsquo;or de l&rsquo;aube flamboyante,<br>Sur l&rsquo;oc\u00e9an de roches aux lames effil\u00e9es<br>S&rsquo;\u00e9tend une \u00eele mort, antique mausol\u00e9e<br>O\u00f9 viennent s&rsquo;\u00e9chouer les \u00e2mes g\u00e9missantes.<\/p>\n\n\n\n<p>C&rsquo;est une terre d&rsquo;exil pour de tristes fant\u00f4mes<br>Que des dieux inconstants jet\u00e8rent loin du monde.<br>Pour ces t\u00e9n\u00e9breux \u00eatres, jour et nuit se confondent<br>Nulle heure pour rythmer ce sinistre royaume.<\/p>\n\n\n\n<p>En ces lieux oubli\u00e9s o\u00f9 rode la folie<br>Une part de mon \u00e2me vint un jour s&rsquo;\u00e9garer.<br>Les relents mortif\u00e8res de ces landes d\u00e9sol\u00e9es<br>Marqu\u00e8rent de leur sceau mon essence transie.<\/p>\n\n\n\n<p>Lorsque r\u00e9sonne le cor de ces spectres cendreux<br>Une visqueuse pluie vient impr\u00e9gner mon c\u0153ur;<br>Les \u00e9toiles s&rsquo;\u00e9teignent en mon ciel int\u00e9rieur<br>Ne laissant que l&rsquo;image d&rsquo;un monde fuligineux.<\/p>\n\n\n\n<p>Combien comptent alors les flammes ext\u00e9rieures,<br>Les \u00e9clats de lumi\u00e8re que l&rsquo;on peut m&rsquo;apporter<br>Sans eux, je fl\u00e9trirais, ombre d\u00e9sincarn\u00e9e<br>Mon essence consum\u00e9e par ces p\u00e2les horreurs.<\/p>\n\n\n\n<p>Les cieux b\u00e9nissent les jours des astres incarn\u00e9s<br>Qui d\u00e9sert\u00e8rent l&rsquo;Azur lorsque le Songe tomba!<br>La sublime \u00e9tincelle qu&rsquo;ils emportent ici-bas<br>R\u00e9chauffe l&rsquo;esprit bilieux d&rsquo;un po\u00e8te esseul\u00e9.<\/p>\n","protected":false},"excerpt":{"rendered":"<p>Au del\u00e0 des voiles d&rsquo;or de l&rsquo;aube flamboyante,Sur l&rsquo;oc\u00e9an de roches aux lames effil\u00e9esS&rsquo;\u00e9tend une \u00eele mort, antique mausol\u00e9eO\u00f9 viennent s&rsquo;\u00e9chouer les \u00e2mes g\u00e9missantes. C&rsquo;est une terre d&rsquo;exil pour de tristes fant\u00f4mesQue des dieux inconstants jet\u00e8rent loin du monde.Pour ces t\u00e9n\u00e9breux \u00eatres, jour et nuit se confondentNulle heure pour rythmer ce sinistre royaume. En ces [&hellip;]<\/p>\n","protected":false},"author":1,"featured_media":0,"comment_status":"open","ping_status":"","sticky":false,"template":"","format":"standard","meta":{"jetpack_post_was_ever_published":false,"_jetpack_newsletter_access":"","_jetpack_dont_email_post_to_subs":true,"_jetpack_newsletter_tier_id":0,"_jetpack_memberships_contains_paywalled_content":false,"_jetpack_memberships_contains_paid_content":false,"footnotes":"","jetpack_publicize_message":"","jetpack_publicize_feature_enabled":false,"jetpack_social_post_already_shared":false,"jetpack_social_options":{"image_generator_settings":{"template":"highway","enabled":false},"version":2}},"categories":[2],"tags":[],"class_list":["post-759","post","type-post","status-publish","format-standard","hentry","category-eclats-dame"],"jetpack_publicize_connections":[],"jetpack_featured_media_url":"","jetpack_sharing_enabled":true,"jetpack_likes_enabled":true,"post_mailing_queue_ids":[],"_links":{"self":[{"href":"https:\/\/damianeicker.net\/blog\/wp-json\/wp\/v2\/posts\/759","targetHints":{"allow":["GET"]}}],"collection":[{"href":"https:\/\/damianeicker.net\/blog\/wp-json\/wp\/v2\/posts"}],"about":[{"href":"https:\/\/damianeicker.net\/blog\/wp-json\/wp\/v2\/types\/post"}],"author":[{"embeddable":true,"href":"https:\/\/damianeicker.net\/blog\/wp-json\/wp\/v2\/users\/1"}],"replies":[{"embeddable":true,"href":"https:\/\/damianeicker.net\/blog\/wp-json\/wp\/v2\/comments?post=759"}],"version-history":[{"count":1,"href":"https:\/\/damianeicker.net\/blog\/wp-json\/wp\/v2\/posts\/759\/revisions"}],"predecessor-version":[{"id":760,"href":"https:\/\/damianeicker.net\/blog\/wp-json\/wp\/v2\/posts\/759\/revisions\/760"}],"wp:attachment":[{"href":"https:\/\/damianeicker.net\/blog\/wp-json\/wp\/v2\/media?parent=759"}],"wp:term":[{"taxonomy":"category","embeddable":true,"href":"https:\/\/damianeicker.net\/blog\/wp-json\/wp\/v2\/categories?post=759"},{"taxonomy":"post_tag","embeddable":true,"href":"https:\/\/damianeicker.net\/blog\/wp-json\/wp\/v2\/tags?post=759"}],"curies":[{"name":"wp","href":"https:\/\/api.w.org\/{rel}","templated":true}]}}