{"id":848,"date":"2021-12-08T13:46:00","date_gmt":"2021-12-08T12:46:00","guid":{"rendered":"https:\/\/damianeicker.net\/blog\/?p=848"},"modified":"2025-05-20T14:06:39","modified_gmt":"2025-05-20T12:06:39","slug":"glas","status":"publish","type":"post","link":"https:\/\/damianeicker.net\/blog\/2021\/12\/08\/glas\/","title":{"rendered":"Glas"},"content":{"rendered":"\n<p>Il advient certains soirs lorsque l&rsquo;ombre s&rsquo;\u00e9tend<br>Que d&rsquo;avides t\u00e9n\u00e8bres enserrent mon triste c\u0153ur\u2026<br>Perdu entre deux mondes, entre ici et ailleurs,<br>Las de ma longue errance, je m&rsquo;ab\u00eeme lentement.<\/p>\n\n\n\n<p>Viennent \u00e0 moi sombres songes, teint\u00e9s d&rsquo;isolement,<br>De bl\u00eame solitude et d&rsquo;esprit amoindri.<br>Macabre sarabande o\u00f9 se m\u00eale l&rsquo;oubli,<br>Inf\u00e2me d\u00e9cr\u00e9pitude, longs sanglots, hurlements.<\/p>\n\n\n\n<p>Vagues \u00e0 vagues, lames \u00e0 lames, mon \u00eatre se fissure,<br>Pris dans une visqueuse toile, un brouillard insidieux.<br>Rong\u00e9e par son acide, la flamme du merveilleux<br>S&rsquo;\u00e9tiole douloureusement en suintantes blessures.<\/p>\n\n\n\n<p>Au bord de s&rsquo;effondrer, alors mon \u00e2me pleure,<br>Implore encore une fois les entit\u00e9s c\u00e9lestes;<br>Elle voudrait s&rsquo;envoler loin des brumes funestes<br>Qui corrompent son essence en d&rsquo;infinies douleurs.<\/p>\n\n\n\n<p>Sous l&rsquo;\u00e9pais voile noir parait une lueur,<br>Infime, lointain \u00e9clat faisant rena\u00eetre espoir.<br>\u00ab\u00a0Est-ce toi, mon \u00e9ternelle, vivante, hors du cauchemars?\u00a0\u00bb<br>\u00ab\u00a0Viens-tu enfin \u00e0 moi pour apaiser mes peurs?\u00a0\u00bb<\/p>\n\n\n\n<p>\u00ab\u00a0O\u00f9 n&rsquo;est-ce que la Lune per\u00e7ant l&rsquo;obscurit\u00e9?\u00a0\u00bb<br>\u00ab\u00a0Je t&rsquo;en prie, r\u00e9v\u00e8le-toi! L&rsquo;absence a trop dur\u00e9!\u00a0\u00bb<br>\u00ab\u00a0Eveille-toi, lib\u00e8re-moi, toi, celle que j&rsquo;attends!\u00a0\u00bb<br>\u00ab\u00a0Je ne puis, sans aimer, demeurer plus longtemps\u2026\u00a0\u00bb<\/p>\n","protected":false},"excerpt":{"rendered":"<p>Il advient certains soirs lorsque l&rsquo;ombre s&rsquo;\u00e9tendQue d&rsquo;avides t\u00e9n\u00e8bres enserrent mon triste c\u0153ur\u2026Perdu entre deux mondes, entre ici et ailleurs,Las de ma longue errance, je m&rsquo;ab\u00eeme lentement. Viennent \u00e0 moi sombres songes, teint\u00e9s d&rsquo;isolement,De bl\u00eame solitude et d&rsquo;esprit amoindri.Macabre sarabande o\u00f9 se m\u00eale l&rsquo;oubli,Inf\u00e2me d\u00e9cr\u00e9pitude, longs sanglots, hurlements. Vagues \u00e0 vagues, lames \u00e0 lames, mon [&hellip;]<\/p>\n","protected":false},"author":1,"featured_media":0,"comment_status":"open","ping_status":"","sticky":false,"template":"","format":"standard","meta":{"jetpack_post_was_ever_published":false,"_jetpack_newsletter_access":"","_jetpack_dont_email_post_to_subs":true,"_jetpack_newsletter_tier_id":0,"_jetpack_memberships_contains_paywalled_content":false,"_jetpack_memberships_contains_paid_content":false,"footnotes":"","jetpack_publicize_message":"","jetpack_publicize_feature_enabled":false,"jetpack_social_post_already_shared":false,"jetpack_social_options":{"image_generator_settings":{"template":"highway","enabled":false},"version":2}},"categories":[2],"tags":[],"class_list":["post-848","post","type-post","status-publish","format-standard","hentry","category-eclats-dame"],"jetpack_publicize_connections":[],"jetpack_featured_media_url":"","jetpack_sharing_enabled":true,"jetpack_likes_enabled":true,"post_mailing_queue_ids":[],"_links":{"self":[{"href":"https:\/\/damianeicker.net\/blog\/wp-json\/wp\/v2\/posts\/848","targetHints":{"allow":["GET"]}}],"collection":[{"href":"https:\/\/damianeicker.net\/blog\/wp-json\/wp\/v2\/posts"}],"about":[{"href":"https:\/\/damianeicker.net\/blog\/wp-json\/wp\/v2\/types\/post"}],"author":[{"embeddable":true,"href":"https:\/\/damianeicker.net\/blog\/wp-json\/wp\/v2\/users\/1"}],"replies":[{"embeddable":true,"href":"https:\/\/damianeicker.net\/blog\/wp-json\/wp\/v2\/comments?post=848"}],"version-history":[{"count":1,"href":"https:\/\/damianeicker.net\/blog\/wp-json\/wp\/v2\/posts\/848\/revisions"}],"predecessor-version":[{"id":849,"href":"https:\/\/damianeicker.net\/blog\/wp-json\/wp\/v2\/posts\/848\/revisions\/849"}],"wp:attachment":[{"href":"https:\/\/damianeicker.net\/blog\/wp-json\/wp\/v2\/media?parent=848"}],"wp:term":[{"taxonomy":"category","embeddable":true,"href":"https:\/\/damianeicker.net\/blog\/wp-json\/wp\/v2\/categories?post=848"},{"taxonomy":"post_tag","embeddable":true,"href":"https:\/\/damianeicker.net\/blog\/wp-json\/wp\/v2\/tags?post=848"}],"curies":[{"name":"wp","href":"https:\/\/api.w.org\/{rel}","templated":true}]}}