{"id":858,"date":"2022-06-17T13:50:00","date_gmt":"2022-06-17T11:50:00","guid":{"rendered":"https:\/\/damianeicker.net\/blog\/?p=858"},"modified":"2025-05-20T14:06:26","modified_gmt":"2025-05-20T12:06:26","slug":"ise-calypso","status":"publish","type":"post","link":"https:\/\/damianeicker.net\/blog\/2022\/06\/17\/ise-calypso\/","title":{"rendered":"Ise Calypso"},"content":{"rendered":"\n<p>Lorsque la m\u00e9lodie s&rsquo;enroule sur l&rsquo;\u00e9cume<br>Reviennent \u00e0 mon esprit quelques songes pass\u00e9s:<br>Quand au-del\u00e0 des mondes, sur les vagues iris\u00e9es<br>Flottait d&rsquo;\u00e9tranges nefs vers le pays des brumes.<\/p>\n\n\n\n<p>Pr\u00e8s d&rsquo;une \u00eele \u00e9chou\u00e9e dans cette mer de nuages<br>Je voguais, silencieux, le c\u0153ur et l&rsquo;\u00e2me sombre;<br>Mon esprit alourdi par de sinistres ombres<br>J&rsquo;errais, loin de mes cha\u00eenes, vers de nouveaux rivages.<\/p>\n\n\n\n<p>Une note, un appel, soudain, emplit les cieux,<br>Bondissant, cascadant, ravivant les \u00e9toiles,<br>Chassant mes noires pens\u00e9es comme on repousse un voile;<br>Attir\u00e9 par le son, alors, j&rsquo;ouvris les yeux.<\/p>\n\n\n\n<p>Au creux des n\u00e9buleuses drapant l&rsquo;\u00eelot perdu,<br>Dans le cocon \u00e9meraude d&rsquo;une jungle isol\u00e9e<br>Dansait une fr\u00eale nymphe, toute d&rsquo;ambre par\u00e9e,<br>Confiant aux ailes du vent un chant libre, ing\u00e9nu.<\/p>\n\n\n\n<p>D&rsquo;un bond, je fus pr\u00e8s d&rsquo;elle, mon navire touchant terre<br>Tout mon \u00eatre en f\u00eate, par sa voix attir\u00e9.<br>Alors posant sur moi son regard azur\u00e9<br>C\u0153ur du vaste Oc\u00e9an, elle m&rsquo;en fit tributaire.<\/p>\n\n\n\n<p>Sublime et envo\u00fbtante, son aura myst\u00e9rieuse<br>Vint \u00e0 elle me li\u00e9 d&rsquo;un battement de cil;<br>D&rsquo;\u00e9paisse nappes brumeuses habill\u00e8rent notre idylle<br>Avant qu&rsquo;elle ne s&rsquo;efface, destin\u00e9e fac\u00e9tieuse.<\/p>\n\n\n\n<p>Berc\u00e9e par ses devoirs devant l\u2019\u00c9ternit\u00e9,<br>Incarnation divine, elle d\u00fb m&rsquo;oublier,<br>Mais en mon c\u0153ur languide, sa marque elle a laiss\u00e9<br>Me faisant arpenteur de son Infinit\u00e9.<\/p>\n","protected":false},"excerpt":{"rendered":"<p>Lorsque la m\u00e9lodie s&rsquo;enroule sur l&rsquo;\u00e9cumeReviennent \u00e0 mon esprit quelques songes pass\u00e9s:Quand au-del\u00e0 des mondes, sur les vagues iris\u00e9esFlottait d&rsquo;\u00e9tranges nefs vers le pays des brumes. Pr\u00e8s d&rsquo;une \u00eele \u00e9chou\u00e9e dans cette mer de nuagesJe voguais, silencieux, le c\u0153ur et l&rsquo;\u00e2me sombre;Mon esprit alourdi par de sinistres ombresJ&rsquo;errais, loin de mes cha\u00eenes, vers de nouveaux [&hellip;]<\/p>\n","protected":false},"author":1,"featured_media":0,"comment_status":"open","ping_status":"","sticky":false,"template":"","format":"standard","meta":{"jetpack_post_was_ever_published":false,"_jetpack_newsletter_access":"","_jetpack_dont_email_post_to_subs":true,"_jetpack_newsletter_tier_id":0,"_jetpack_memberships_contains_paywalled_content":false,"_jetpack_memberships_contains_paid_content":false,"footnotes":"","jetpack_publicize_message":"","jetpack_publicize_feature_enabled":false,"jetpack_social_post_already_shared":false,"jetpack_social_options":{"image_generator_settings":{"template":"highway","enabled":false},"version":2}},"categories":[2],"tags":[],"class_list":["post-858","post","type-post","status-publish","format-standard","hentry","category-eclats-dame"],"jetpack_publicize_connections":[],"jetpack_featured_media_url":"","jetpack_sharing_enabled":true,"jetpack_likes_enabled":true,"post_mailing_queue_ids":[],"_links":{"self":[{"href":"https:\/\/damianeicker.net\/blog\/wp-json\/wp\/v2\/posts\/858","targetHints":{"allow":["GET"]}}],"collection":[{"href":"https:\/\/damianeicker.net\/blog\/wp-json\/wp\/v2\/posts"}],"about":[{"href":"https:\/\/damianeicker.net\/blog\/wp-json\/wp\/v2\/types\/post"}],"author":[{"embeddable":true,"href":"https:\/\/damianeicker.net\/blog\/wp-json\/wp\/v2\/users\/1"}],"replies":[{"embeddable":true,"href":"https:\/\/damianeicker.net\/blog\/wp-json\/wp\/v2\/comments?post=858"}],"version-history":[{"count":1,"href":"https:\/\/damianeicker.net\/blog\/wp-json\/wp\/v2\/posts\/858\/revisions"}],"predecessor-version":[{"id":859,"href":"https:\/\/damianeicker.net\/blog\/wp-json\/wp\/v2\/posts\/858\/revisions\/859"}],"wp:attachment":[{"href":"https:\/\/damianeicker.net\/blog\/wp-json\/wp\/v2\/media?parent=858"}],"wp:term":[{"taxonomy":"category","embeddable":true,"href":"https:\/\/damianeicker.net\/blog\/wp-json\/wp\/v2\/categories?post=858"},{"taxonomy":"post_tag","embeddable":true,"href":"https:\/\/damianeicker.net\/blog\/wp-json\/wp\/v2\/tags?post=858"}],"curies":[{"name":"wp","href":"https:\/\/api.w.org\/{rel}","templated":true}]}}